{"id":1418,"date":"2013-02-08T17:08:46","date_gmt":"2013-02-08T16:08:46","guid":{"rendered":"http:\/\/www.handwerktechnikdesign.de\/?p=1418"},"modified":"2013-02-08T17:27:43","modified_gmt":"2013-02-08T16:27:43","slug":"wohnungsumbau-in-hamburg-eimsbuttel","status":"publish","type":"post","link":"https:\/\/www.handwerktechnikdesign.de\/?p=1418","title":{"rendered":"Wohnungsumbau in Hamburg Eimsb\u00fcttel"},"content":{"rendered":"<p style=\"text-align: justify;\">Am Anfang stand die Idee einen Balkon anzubauen. Daraus wurde aber nichts, da das Baurecht dies nicht zulie\u00df. Zum Gl\u00fcck! Denn statt des Balkons mit Blick auf den Innenhof, wurde die ganze Wohnung umgebaut.<\/p>\n<p style=\"text-align: justify;\"><a href=\"https:\/\/www.handwerktechnikdesign.de\/wp-content\/uploads\/2013\/01\/1-Bestand.jpg\" target=\"_blank\"><img loading=\"lazy\" decoding=\"async\" class=\"aligncenter  wp-image-1428\" title=\"1-Bestand\" src=\"https:\/\/www.handwerktechnikdesign.de\/wp-content\/uploads\/2013\/01\/1-Bestand.jpg\" alt=\"\" width=\"540\" height=\"220\" \/><\/a>.<\/p>\n<p style=\"text-align: justify;\">Gemeinsam entwickelten wir die Idee, den Wohnungsgrundriss v\u00f6llig zu ver\u00e4ndern. Die K\u00fcche lag bisher im Abseits und sollte in den Mittelpunkt des Wohnens r\u00fccken. Sie wurde in das ehemalige Schlafzimmer geplant, denn dieses war sehr gro\u00dfz\u00fcgig und hatte einen Erker. Zum Wohnzimmer hin wurde ein neuer Durchbruch geschaffen und somit\u00a0beide Bereiche st\u00e4rker miteinander\u00a0verbunden.<\/p>\n<p style=\"text-align: justify;\"><a href=\"https:\/\/www.handwerktechnikdesign.de\/wp-content\/uploads\/2013\/01\/2-Entwurf.jpg\" target=\"_blank\"><img loading=\"lazy\" decoding=\"async\" class=\"aligncenter  wp-image-1429\" title=\"2-Entwurf\" src=\"https:\/\/www.handwerktechnikdesign.de\/wp-content\/uploads\/2013\/01\/2-Entwurf.jpg\" alt=\"\" width=\"540\" height=\"220\" \/><\/a>.<\/p>\n<p style=\"text-align: justify;\">Der Wohnbereich in Verbindung mit der K\u00fcche wirkt jetzt sehr offen und\u00a0gro\u00dfz\u00fcgig und das wird durch das durchg\u00e4ngige Parkett noch verst\u00e4rkt. Bei Bedarf kann der Blick in die K\u00fccke mit einer Schiebet\u00fcr aus satiniertem Glas verschlossen werden.<\/p>\n<p style=\"text-align: justify;\"><a href=\"https:\/\/www.handwerktechnikdesign.de\/wp-content\/uploads\/2013\/01\/3-Wohnraum.jpg\" target=\"_blank\"><img loading=\"lazy\" decoding=\"async\" class=\"aligncenter  wp-image-1430\" title=\"3-Wohnraum\" src=\"https:\/\/www.handwerktechnikdesign.de\/wp-content\/uploads\/2013\/01\/3-Wohnraum.jpg\" alt=\"\" width=\"540\" height=\"220\" \/><\/a>.<\/p>\n<p style=\"text-align: justify;\">Die K\u00fcche ist jetzt\u00a0der Mittelpunkt der Wohnung geworden, an dem man gern gemeinsam kocht.\u00a0Im Erker\u00a0befindet sich\u00a0der Essplatz\u00a0und man hat ein wenig das Gef\u00fchl, dass man hier im Freien sitzt. Morgens geht hier die Sonne auf und bleibt den ganzen Tag.<\/p>\n<p style=\"text-align: justify;\"><a href=\"https:\/\/www.handwerktechnikdesign.de\/wp-content\/uploads\/2013\/01\/4-K\u00fcche+Essbereich.jpg\" target=\"_blank\"><img loading=\"lazy\" decoding=\"async\" class=\"aligncenter  wp-image-1431\" title=\"4-K\u00fcche+Essbereich\" src=\"https:\/\/www.handwerktechnikdesign.de\/wp-content\/uploads\/2013\/01\/4-K\u00fcche+Essbereich.jpg\" alt=\"\" width=\"540\" height=\"220\" \/><\/a>.<\/p>\n<p style=\"text-align: justify;\">Auch das Bad wurde komplett umgestaltet. Die Badewanne wurde durch eine gro\u00dfz\u00fcgige Dusche mit Sitzplatz ersetzt und Wandnischen in der Vorwandinstallation bieten viel Platz f\u00fcr Dekoration und Badutensilien. Die neue Gro\u00dfz\u00fcgigkeit wurde nicht zuletzt auch durch die einheitlichen, gro\u00dfformatigen Fliesen erreicht. Nur die Nischen wurden mit einem Glasmosaik belegt und das integrierte Licht hebt diese noch einmal besonders hervor.<\/p>\n<p style=\"text-align: justify;\"><a href=\"https:\/\/www.handwerktechnikdesign.de\/wp-content\/uploads\/2013\/01\/5-Bad.jpg\" target=\"_blank\"><img loading=\"lazy\" decoding=\"async\" class=\"aligncenter  wp-image-1432\" title=\"5-Bad\" src=\"https:\/\/www.handwerktechnikdesign.de\/wp-content\/uploads\/2013\/01\/5-Bad.jpg\" alt=\"\" width=\"540\" height=\"220\" \/><\/a>\u00a0.<\/p>\n<p style=\"text-align: justify;\">Das Schlafzimmer ist jetzt die absolute Ruhezone der Wohnung. Es befindet sich an der R\u00fcckseite der Wohnung, abgewandt von der Stra\u00dfe.<\/p>\n<p style=\"text-align: justify;\"><a href=\"https:\/\/www.handwerktechnikdesign.de\/wp-content\/uploads\/2013\/01\/6-Schlafzimmer.jpg\" target=\"_blank\"><img loading=\"lazy\" decoding=\"async\" class=\"aligncenter  wp-image-1433\" title=\"6-Schlafzimmer\" src=\"https:\/\/www.handwerktechnikdesign.de\/wp-content\/uploads\/2013\/01\/6-Schlafzimmer.jpg\" alt=\"\" width=\"540\" height=\"220\" \/><\/a>.<\/p>\n<p style=\"text-align: justify;\">Durch den\u00a0neuen Wohnungsgrundriss\u00a0erh\u00e4lt man in der Wohnung ein v\u00f6llig neues Lebensgef\u00fchl und vermisst den Balkon in keinster Weise. Und mal ehrlich, wie oft kann man in Hamburg auf dem Balkon sitzen?!<\/p>\n<p style=\"text-align: justify;\">Danke auch noch einmal an unsere mutige und v\u00f6llig entspannte Auftraggeberin, die sich auf so Vieles eingelassen hat. Wir sehen uns mal wieder Freitags auf einen Kaffee&#8230;.<\/p>\n","protected":false},"excerpt":{"rendered":"<p>Am Anfang stand die Idee einen Balkon anzubauen. Daraus wurde aber nichts, da das Baurecht dies nicht zulie\u00df. Zum Gl\u00fcck! Denn statt des Balkons mit Blick auf den Innenhof, wurde die ganze Wohnung umgebaut. . Gemeinsam entwickelten wir die Idee, den Wohnungsgrundriss v\u00f6llig zu ver\u00e4ndern. Die K\u00fcche lag bisher im Abseits und sollte in den [&#038;hellip<\/p>\n","protected":false},"author":2,"featured_media":0,"comment_status":"open","ping_status":"open","sticky":false,"template":"","format":"standard","meta":{"footnotes":""},"categories":[58],"tags":[23,16],"class_list":["post-1418","post","type-post","status-publish","format-standard","hentry","category-wohndesign","tag-umbau","tag-wohndesign"],"_links":{"self":[{"href":"https:\/\/www.handwerktechnikdesign.de\/index.php?rest_route=\/wp\/v2\/posts\/1418","targetHints":{"allow":["GET"]}}],"collection":[{"href":"https:\/\/www.handwerktechnikdesign.de\/index.php?rest_route=\/wp\/v2\/posts"}],"about":[{"href":"https:\/\/www.handwerktechnikdesign.de\/index.php?rest_route=\/wp\/v2\/types\/post"}],"author":[{"embeddable":true,"href":"https:\/\/www.handwerktechnikdesign.de\/index.php?rest_route=\/wp\/v2\/users\/2"}],"replies":[{"embeddable":true,"href":"https:\/\/www.handwerktechnikdesign.de\/index.php?rest_route=%2Fwp%2Fv2%2Fcomments&post=1418"}],"version-history":[{"count":37,"href":"https:\/\/www.handwerktechnikdesign.de\/index.php?rest_route=\/wp\/v2\/posts\/1418\/revisions"}],"predecessor-version":[{"id":1469,"href":"https:\/\/www.handwerktechnikdesign.de\/index.php?rest_route=\/wp\/v2\/posts\/1418\/revisions\/1469"}],"wp:attachment":[{"href":"https:\/\/www.handwerktechnikdesign.de\/index.php?rest_route=%2Fwp%2Fv2%2Fmedia&parent=1418"}],"wp:term":[{"taxonomy":"category","embeddable":true,"href":"https:\/\/www.handwerktechnikdesign.de\/index.php?rest_route=%2Fwp%2Fv2%2Fcategories&post=1418"},{"taxonomy":"post_tag","embeddable":true,"href":"https:\/\/www.handwerktechnikdesign.de\/index.php?rest_route=%2Fwp%2Fv2%2Ftags&post=1418"}],"curies":[{"name":"wp","href":"https:\/\/api.w.org\/{rel}","templated":true}]}}