{"id":1496,"date":"2013-02-25T16:47:55","date_gmt":"2013-02-25T15:47:55","guid":{"rendered":"http:\/\/www.handwerktechnikdesign.de\/?p=1496"},"modified":"2013-03-29T15:24:06","modified_gmt":"2013-03-29T14:24:06","slug":"mieterausbau-hamburg-kanzlei-in-neumuhlen","status":"publish","type":"post","link":"https:\/\/www.handwerktechnikdesign.de\/?p=1496","title":{"rendered":"Mieterausbau Hamburg &#8211; Kanzlei in Neum\u00fchlen &#8211; 1"},"content":{"rendered":"<p style=\"text-align: justify;\">Teil 1 &#8211; Entwurf + Abriss<\/p>\n<p style=\"text-align: justify;\">Auf einer Fl\u00e4che von 350m\u00b2 soll eine Rechtsanwaltskanzlei mit 9 B\u00fcros entstehen. Insgesamt werden 15 Arbeitspl\u00e4tze, ein Konzerenzraum und ein Technikraum\u00a0ben\u00f6tigt. Nach einigen Grundrissstudien stand die L\u00f6sung fest. Eine offene Mittelzone mit einem Empfang und einem Kommunikationsbereich ist der Ansatz f\u00fcr das neue Kanzleikonzept. Viel Glas wird f\u00fcr einen offenen und hellen Eindruck sorgen.<\/p>\n<p style=\"text-align: justify;\"><a href=\"https:\/\/www.handwerktechnikdesign.de\/wp-content\/uploads\/2013\/02\/Folie11.jpg\" target=\"_blank\"><img loading=\"lazy\" decoding=\"async\" class=\"aligncenter  wp-image-1497\" title=\"Grundrissentwurf\" src=\"https:\/\/www.handwerktechnikdesign.de\/wp-content\/uploads\/2013\/02\/Folie11.jpg\" alt=\"\" width=\"540\" height=\"220\" \/><\/a>.<\/p>\n<p style=\"text-align: justify;\">Die Bestandsfl\u00e4che war urspr\u00fcnglich\u00a0als Firmenkantine konzipiert\u00a0und wurde zuletzt als B\u00fcrofl\u00e4che genutzt. Die neuen Nutzungsanforderungen konnten hier auf keinen Fall umgesetzt werden.<\/p>\n<p style=\"text-align: justify;\"><a href=\"https:\/\/www.handwerktechnikdesign.de\/wp-content\/uploads\/2013\/02\/Folie21.jpg\" target=\"_blank\"><img loading=\"lazy\" decoding=\"async\" class=\"aligncenter  wp-image-1498\" title=\"Bestand\" src=\"https:\/\/www.handwerktechnikdesign.de\/wp-content\/uploads\/2013\/02\/Folie21.jpg\" alt=\"\" width=\"540\" height=\"220\" \/><\/a>.<\/p>\n<p style=\"text-align: justify;\">Wie immer kommt zuerst der Abriss. Unn\u00f6tige W\u00e4nde und der enge Flur\u00a0verschwinden und die neue offene Mittelzone\u00a0entsteht zwischen den Rundst\u00fctzen und den Wandresten.<\/p>\n<p style=\"text-align: justify;\"><a href=\"https:\/\/www.handwerktechnikdesign.de\/wp-content\/uploads\/2013\/02\/Folie31.jpg\" target=\"_blank\"><img loading=\"lazy\" decoding=\"async\" class=\"aligncenter  wp-image-1499\" title=\"Abriss\" src=\"https:\/\/www.handwerktechnikdesign.de\/wp-content\/uploads\/2013\/02\/Folie31.jpg\" alt=\"\" width=\"540\" height=\"220\" \/><\/a>.<\/p>\n<p style=\"text-align: justify;\">\u00dcber diesen Mieterausbau werden wir in regelm\u00e4\u00dfigen Abst\u00e4nden, wie in einem Bautagebuch\u00a0berichten.<\/p>\n","protected":false},"excerpt":{"rendered":"<p>Teil 1 &#8211; Entwurf + Abriss Auf einer Fl\u00e4che von 350m\u00b2 soll eine Rechtsanwaltskanzlei mit 9 B\u00fcros entstehen. Insgesamt werden 15 Arbeitspl\u00e4tze, ein Konzerenzraum und ein Technikraum\u00a0ben\u00f6tigt. Nach einigen Grundrissstudien stand die L\u00f6sung fest. Eine offene Mittelzone mit einem Empfang und einem Kommunikationsbereich ist der Ansatz f\u00fcr das neue Kanzleikonzept. Viel Glas wird f\u00fcr einen [&#038;hellip<\/p>\n","protected":false},"author":2,"featured_media":0,"comment_status":"open","ping_status":"open","sticky":false,"template":"","format":"standard","meta":{"footnotes":""},"categories":[33],"tags":[35,39,46],"class_list":["post-1496","post","type-post","status-publish","format-standard","hentry","category-buro-objektdesign","tag-buro","tag-lichtdesign","tag-mieterausbau"],"_links":{"self":[{"href":"https:\/\/www.handwerktechnikdesign.de\/index.php?rest_route=\/wp\/v2\/posts\/1496","targetHints":{"allow":["GET"]}}],"collection":[{"href":"https:\/\/www.handwerktechnikdesign.de\/index.php?rest_route=\/wp\/v2\/posts"}],"about":[{"href":"https:\/\/www.handwerktechnikdesign.de\/index.php?rest_route=\/wp\/v2\/types\/post"}],"author":[{"embeddable":true,"href":"https:\/\/www.handwerktechnikdesign.de\/index.php?rest_route=\/wp\/v2\/users\/2"}],"replies":[{"embeddable":true,"href":"https:\/\/www.handwerktechnikdesign.de\/index.php?rest_route=%2Fwp%2Fv2%2Fcomments&post=1496"}],"version-history":[{"count":18,"href":"https:\/\/www.handwerktechnikdesign.de\/index.php?rest_route=\/wp\/v2\/posts\/1496\/revisions"}],"predecessor-version":[{"id":1665,"href":"https:\/\/www.handwerktechnikdesign.de\/index.php?rest_route=\/wp\/v2\/posts\/1496\/revisions\/1665"}],"wp:attachment":[{"href":"https:\/\/www.handwerktechnikdesign.de\/index.php?rest_route=%2Fwp%2Fv2%2Fmedia&parent=1496"}],"wp:term":[{"taxonomy":"category","embeddable":true,"href":"https:\/\/www.handwerktechnikdesign.de\/index.php?rest_route=%2Fwp%2Fv2%2Fcategories&post=1496"},{"taxonomy":"post_tag","embeddable":true,"href":"https:\/\/www.handwerktechnikdesign.de\/index.php?rest_route=%2Fwp%2Fv2%2Ftags&post=1496"}],"curies":[{"name":"wp","href":"https:\/\/api.w.org\/{rel}","templated":true}]}}