{"id":2094,"date":"2015-07-10T15:39:59","date_gmt":"2015-07-10T14:39:59","guid":{"rendered":"http:\/\/www.handwerktechnikdesign.de\/?p=2094"},"modified":"2015-07-10T15:59:59","modified_gmt":"2015-07-10T14:59:59","slug":"praxisdesign-hamburg-gefaschirurgie-dr-nickel","status":"publish","type":"post","link":"https:\/\/www.handwerktechnikdesign.de\/?p=2094","title":{"rendered":"Praxisdesign Hamburg &#8211; Gef\u00e4\u00dfchirurgie Dr. Nickel"},"content":{"rendered":"<p style=\"text-align: justify;\">Gerade haben wir wieder eine Praxis fertig gestellt. Auf einer Fl\u00e4che von 160m\u00b2 haben wir f\u00fcr den Gef\u00e4\u00dfchirurgen <a href=\"http:\/\/www.gefaesschirurgie-elmshorn.de\" target=\"_blank\">Dr. Christoph Nickel<\/a> eine komplett neue Praxis gestaltet. Die Fl\u00e4che wurde vorab komplett entkernt. Die gesamte Haustechnik wurde erneuert und der Grundriss wurde neu gegliedert. In der Praxis finden die Voruntersuchungen und die postoperativen Versorgungen statt. Die Operationen werden in einer Klinik in Elmshorn ausgef\u00fchrt.<\/p>\n<p style=\"text-align: justify;\"><img loading=\"lazy\" decoding=\"async\" class=\"aligncenter wp-image-2096\" title=\"Entwurf\" src=\"https:\/\/www.handwerktechnikdesign.de\/wp-content\/uploads\/2015\/07\/Folie1.jpg\" alt=\"Folie1\" width=\"540\" height=\"218\" srcset=\"https:\/\/www.handwerktechnikdesign.de\/wp-content\/uploads\/2015\/07\/Folie1.jpg 1122w, https:\/\/www.handwerktechnikdesign.de\/wp-content\/uploads\/2015\/07\/Folie1-300x121.jpg 300w, https:\/\/www.handwerktechnikdesign.de\/wp-content\/uploads\/2015\/07\/Folie1-1024x413.jpg 1024w\" sizes=\"auto, (max-width: 540px) 100vw, 540px\" \/><\/p>\n<p style=\"text-align: justify;\">Ziel war es die Praxis klar und pur zu gestalten und keine modischen Elemente einzubauen, die nach kurzer Zeit ausgetauscht werden m\u00fcssen.<\/p>\n<p style=\"text-align: justify;\">.<\/p>\n<p style=\"text-align: justify;\"><a href=\"https:\/\/www.handwerktechnikdesign.de\/wp-content\/uploads\/2015\/07\/Folie2.jpg\" target=\"_blank\"><img loading=\"lazy\" decoding=\"async\" class=\"aligncenter wp-image-2097\" title=\"Empfangsbereich\" src=\"https:\/\/www.handwerktechnikdesign.de\/wp-content\/uploads\/2015\/07\/Folie2.jpg\" alt=\"Folie2\" width=\"540\" height=\"218\" srcset=\"https:\/\/www.handwerktechnikdesign.de\/wp-content\/uploads\/2015\/07\/Folie2.jpg 1122w, https:\/\/www.handwerktechnikdesign.de\/wp-content\/uploads\/2015\/07\/Folie2-300x121.jpg 300w, https:\/\/www.handwerktechnikdesign.de\/wp-content\/uploads\/2015\/07\/Folie2-1024x413.jpg 1024w\" sizes=\"auto, (max-width: 540px) 100vw, 540px\" \/><\/a><\/p>\n<p style=\"text-align: justify;\">Der Empfangsbereich wirkt hell und gro\u00dfz\u00fcgig, obwohl kaum Tageslicht in diesen Bereich f\u00e4llt.<\/p>\n<p style=\"text-align: justify;\">.<\/p>\n<p style=\"text-align: justify;\"><a href=\"https:\/\/www.handwerktechnikdesign.de\/wp-content\/uploads\/2015\/07\/Folie3.jpg\" target=\"_blank\"><img loading=\"lazy\" decoding=\"async\" class=\"aligncenter wp-image-2098\" src=\"https:\/\/www.handwerktechnikdesign.de\/wp-content\/uploads\/2015\/07\/Folie3.jpg\" alt=\"Folie3\" width=\"540\" height=\"218\" srcset=\"https:\/\/www.handwerktechnikdesign.de\/wp-content\/uploads\/2015\/07\/Folie3.jpg 1122w, https:\/\/www.handwerktechnikdesign.de\/wp-content\/uploads\/2015\/07\/Folie3-300x121.jpg 300w, https:\/\/www.handwerktechnikdesign.de\/wp-content\/uploads\/2015\/07\/Folie3-1024x413.jpg 1024w\" sizes=\"auto, (max-width: 540px) 100vw, 540px\" \/><\/a><\/p>\n<p style=\"text-align: justify;\">Im hinteren Bereich der Praxis befinden sich die Untersuchungsr\u00e4ume und ein zweiter Wartebereich.<\/p>\n<p style=\"text-align: justify;\">.<\/p>\n<p style=\"text-align: justify;\"><a href=\"https:\/\/www.handwerktechnikdesign.de\/wp-content\/uploads\/2015\/07\/Folie4.jpg\" target=\"_blank\"><img loading=\"lazy\" decoding=\"async\" class=\"aligncenter wp-image-2099\" title=\"Untersuchungsr\u00e4ume\" src=\"https:\/\/www.handwerktechnikdesign.de\/wp-content\/uploads\/2015\/07\/Folie4.jpg\" alt=\"Folie4\" width=\"540\" height=\"218\" srcset=\"https:\/\/www.handwerktechnikdesign.de\/wp-content\/uploads\/2015\/07\/Folie4.jpg 1122w, https:\/\/www.handwerktechnikdesign.de\/wp-content\/uploads\/2015\/07\/Folie4-300x121.jpg 300w, https:\/\/www.handwerktechnikdesign.de\/wp-content\/uploads\/2015\/07\/Folie4-1024x413.jpg 1024w\" sizes=\"auto, (max-width: 540px) 100vw, 540px\" \/><\/a><\/p>\n<p style=\"text-align: justify;\">Die Untersuchungsr\u00e4ume sind funktional m\u00f6bliert und strahlen etwas sehr beruhigendes aus.<\/p>\n<p style=\"text-align: justify;\">Schon nach kurzer Zeit l\u00e4uft die Praxis von Dr. Nickel sehr gut und es gibt sehr viel positive Resonanz.<\/p>\n","protected":false},"excerpt":{"rendered":"<p>Gerade haben wir wieder eine Praxis fertig gestellt. Auf einer Fl\u00e4che von 160m\u00b2 haben wir f\u00fcr den Gef\u00e4\u00dfchirurgen Dr. Christoph Nickel eine komplett neue Praxis gestaltet. Die Fl\u00e4che wurde vorab komplett entkernt. Die gesamte Haustechnik wurde erneuert und der Grundriss wurde neu gegliedert. In der Praxis finden die Voruntersuchungen und die postoperativen Versorgungen statt. Die [&#038;hellip<\/p>\n","protected":false},"author":2,"featured_media":0,"comment_status":"open","ping_status":"open","sticky":false,"template":"","format":"standard","meta":{"footnotes":""},"categories":[34],"tags":[52,36,22],"class_list":["post-2094","post","type-post","status-publish","format-standard","hentry","category-praxisdesign","tag-barrierefrei","tag-mobeldesign","tag-praxisraume"],"_links":{"self":[{"href":"https:\/\/www.handwerktechnikdesign.de\/index.php?rest_route=\/wp\/v2\/posts\/2094","targetHints":{"allow":["GET"]}}],"collection":[{"href":"https:\/\/www.handwerktechnikdesign.de\/index.php?rest_route=\/wp\/v2\/posts"}],"about":[{"href":"https:\/\/www.handwerktechnikdesign.de\/index.php?rest_route=\/wp\/v2\/types\/post"}],"author":[{"embeddable":true,"href":"https:\/\/www.handwerktechnikdesign.de\/index.php?rest_route=\/wp\/v2\/users\/2"}],"replies":[{"embeddable":true,"href":"https:\/\/www.handwerktechnikdesign.de\/index.php?rest_route=%2Fwp%2Fv2%2Fcomments&post=2094"}],"version-history":[{"count":9,"href":"https:\/\/www.handwerktechnikdesign.de\/index.php?rest_route=\/wp\/v2\/posts\/2094\/revisions"}],"predecessor-version":[{"id":2107,"href":"https:\/\/www.handwerktechnikdesign.de\/index.php?rest_route=\/wp\/v2\/posts\/2094\/revisions\/2107"}],"wp:attachment":[{"href":"https:\/\/www.handwerktechnikdesign.de\/index.php?rest_route=%2Fwp%2Fv2%2Fmedia&parent=2094"}],"wp:term":[{"taxonomy":"category","embeddable":true,"href":"https:\/\/www.handwerktechnikdesign.de\/index.php?rest_route=%2Fwp%2Fv2%2Fcategories&post=2094"},{"taxonomy":"post_tag","embeddable":true,"href":"https:\/\/www.handwerktechnikdesign.de\/index.php?rest_route=%2Fwp%2Fv2%2Ftags&post=2094"}],"curies":[{"name":"wp","href":"https:\/\/api.w.org\/{rel}","templated":true}]}}