{"id":2404,"date":"2025-07-21T17:59:59","date_gmt":"2025-07-21T16:59:59","guid":{"rendered":"https:\/\/www.handwerktechnikdesign.de\/?p=2404"},"modified":"2025-07-21T17:59:59","modified_gmt":"2025-07-21T16:59:59","slug":"badezimmer-in-hamburg","status":"publish","type":"post","link":"https:\/\/www.handwerktechnikdesign.de\/?p=2404","title":{"rendered":"Badezimmer in Hamburg"},"content":{"rendered":"\n<p>Manchmal muss man auf etwas verzichten, damit ein kleines Bad gr\u00f6\u00dfer wird. Hier wurde die Badewanne entfernt und die Sanit\u00e4robjekte wurden neu angeordnet. Ein Doppelwaschtisch und eine bodenb\u00fcndige Dusche sollten auf jeden Fall mit eingeplant werden. Der gesamte Estrich und die Fu\u00dfbodenheizung wurden erneuert.<\/p>\n\n\n\n<p>Jetzt gibt es eine sehr gro\u00dfz\u00fcgige Dusche mit deckenb\u00fcndig eingebauter Rainshower und einen Waschtisch mit ausreichend Stauraum. Alles wirkt aufger\u00e4umter und ruhiger <a><\/a>und es ist sogar noch ein Platz f\u00fcr die Waschmaschine entstanden.<\/p>\n\n\n\n<p>Das neue Lichtkonzept mit direktem und indirektem Licht unterstreicht das Ganze. Die farbigen Akzente kommen dann noch durch die Handt\u00fccher und Bilder.<\/p>\n\n\n\n<p>Auch auf 6,5m\u00b2 kann man eine gro\u00dfz\u00fcgige Wellnessoase schaffen.<\/p>\n\n\n\n<p><\/p>\n\n\n\n<p><\/p>\n\n\n\n<figure class=\"wp-block-gallery has-nested-images columns-default is-cropped wp-block-gallery-1 is-layout-flex wp-block-gallery-is-layout-flex\">\n<figure class=\"wp-block-image size-large\"><a href=\"https:\/\/www.handwerktechnikdesign.de\/wp-content\/uploads\/2025\/07\/001-Neu-scaled.jpg\" target=\"_blank\" rel=\" noreferrer noopener\"><img loading=\"lazy\" decoding=\"async\" width=\"576\" height=\"1024\" data-id=\"2415\" src=\"https:\/\/www.handwerktechnikdesign.de\/wp-content\/uploads\/2025\/07\/001-Neu-576x1024.jpg\" alt=\"\" class=\"wp-image-2415\" srcset=\"https:\/\/www.handwerktechnikdesign.de\/wp-content\/uploads\/2025\/07\/001-Neu-576x1024.jpg 576w, https:\/\/www.handwerktechnikdesign.de\/wp-content\/uploads\/2025\/07\/001-Neu-169x300.jpg 169w, https:\/\/www.handwerktechnikdesign.de\/wp-content\/uploads\/2025\/07\/001-Neu-768x1365.jpg 768w, https:\/\/www.handwerktechnikdesign.de\/wp-content\/uploads\/2025\/07\/001-Neu-864x1536.jpg 864w, https:\/\/www.handwerktechnikdesign.de\/wp-content\/uploads\/2025\/07\/001-Neu-1152x2048.jpg 1152w, https:\/\/www.handwerktechnikdesign.de\/wp-content\/uploads\/2025\/07\/001-Neu-scaled.jpg 1440w\" sizes=\"auto, (max-width: 576px) 100vw, 576px\" \/><\/a><\/figure>\n\n\n\n<figure class=\"wp-block-image size-large\"><a href=\"https:\/\/www.handwerktechnikdesign.de\/wp-content\/uploads\/2025\/07\/002-Grundriss-Bestand.jpg\" target=\"_blank\" rel=\" noreferrer noopener\"><img loading=\"lazy\" decoding=\"async\" width=\"808\" height=\"620\" data-id=\"2405\" src=\"https:\/\/www.handwerktechnikdesign.de\/wp-content\/uploads\/2025\/07\/002-Grundriss-Bestand.jpg\" alt=\"\" class=\"wp-image-2405\" srcset=\"https:\/\/www.handwerktechnikdesign.de\/wp-content\/uploads\/2025\/07\/002-Grundriss-Bestand.jpg 808w, https:\/\/www.handwerktechnikdesign.de\/wp-content\/uploads\/2025\/07\/002-Grundriss-Bestand-300x230.jpg 300w, https:\/\/www.handwerktechnikdesign.de\/wp-content\/uploads\/2025\/07\/002-Grundriss-Bestand-768x589.jpg 768w\" sizes=\"auto, (max-width: 808px) 100vw, 808px\" \/><\/a><figcaption class=\"wp-element-caption\">Grundriss Bestand<\/figcaption><\/figure>\n\n\n\n<figure class=\"wp-block-image size-large\"><a href=\"https:\/\/www.handwerktechnikdesign.de\/wp-content\/uploads\/2025\/07\/003-Bestand-scaled.jpg\" target=\"_blank\" rel=\" noreferrer noopener\"><img loading=\"lazy\" decoding=\"async\" width=\"1024\" height=\"768\" data-id=\"2409\" src=\"https:\/\/www.handwerktechnikdesign.de\/wp-content\/uploads\/2025\/07\/003-Bestand-1024x768.jpg\" alt=\"\" class=\"wp-image-2409\" srcset=\"https:\/\/www.handwerktechnikdesign.de\/wp-content\/uploads\/2025\/07\/003-Bestand-1024x768.jpg 1024w, https:\/\/www.handwerktechnikdesign.de\/wp-content\/uploads\/2025\/07\/003-Bestand-300x225.jpg 300w, https:\/\/www.handwerktechnikdesign.de\/wp-content\/uploads\/2025\/07\/003-Bestand-768x576.jpg 768w, https:\/\/www.handwerktechnikdesign.de\/wp-content\/uploads\/2025\/07\/003-Bestand-1536x1152.jpg 1536w, https:\/\/www.handwerktechnikdesign.de\/wp-content\/uploads\/2025\/07\/003-Bestand-2048x1536.jpg 2048w\" sizes=\"auto, (max-width: 1024px) 100vw, 1024px\" \/><\/a><figcaption class=\"wp-element-caption\">alt<\/figcaption><\/figure>\n\n\n\n<figure class=\"wp-block-image size-large\"><a href=\"https:\/\/www.handwerktechnikdesign.de\/wp-content\/uploads\/2025\/07\/004-Bestand-scaled.jpg\" target=\"_blank\" rel=\" noreferrer noopener\"><img loading=\"lazy\" decoding=\"async\" width=\"1024\" height=\"768\" data-id=\"2408\" src=\"https:\/\/www.handwerktechnikdesign.de\/wp-content\/uploads\/2025\/07\/004-Bestand-1024x768.jpg\" alt=\"\" class=\"wp-image-2408\" srcset=\"https:\/\/www.handwerktechnikdesign.de\/wp-content\/uploads\/2025\/07\/004-Bestand-1024x768.jpg 1024w, https:\/\/www.handwerktechnikdesign.de\/wp-content\/uploads\/2025\/07\/004-Bestand-300x225.jpg 300w, https:\/\/www.handwerktechnikdesign.de\/wp-content\/uploads\/2025\/07\/004-Bestand-768x576.jpg 768w, https:\/\/www.handwerktechnikdesign.de\/wp-content\/uploads\/2025\/07\/004-Bestand-1536x1152.jpg 1536w, https:\/\/www.handwerktechnikdesign.de\/wp-content\/uploads\/2025\/07\/004-Bestand-2048x1536.jpg 2048w\" sizes=\"auto, (max-width: 1024px) 100vw, 1024px\" \/><\/a><figcaption class=\"wp-element-caption\">alt<\/figcaption><\/figure>\n\n\n\n<figure class=\"wp-block-image size-large\"><a href=\"https:\/\/www.handwerktechnikdesign.de\/wp-content\/uploads\/2025\/07\/005-Bestand-scaled.jpg\" target=\"_blank\" rel=\" noreferrer noopener\"><img loading=\"lazy\" decoding=\"async\" width=\"1024\" height=\"768\" data-id=\"2413\" src=\"https:\/\/www.handwerktechnikdesign.de\/wp-content\/uploads\/2025\/07\/005-Bestand-1024x768.jpg\" alt=\"\" class=\"wp-image-2413\" srcset=\"https:\/\/www.handwerktechnikdesign.de\/wp-content\/uploads\/2025\/07\/005-Bestand-1024x768.jpg 1024w, https:\/\/www.handwerktechnikdesign.de\/wp-content\/uploads\/2025\/07\/005-Bestand-300x225.jpg 300w, https:\/\/www.handwerktechnikdesign.de\/wp-content\/uploads\/2025\/07\/005-Bestand-768x576.jpg 768w, https:\/\/www.handwerktechnikdesign.de\/wp-content\/uploads\/2025\/07\/005-Bestand-1536x1152.jpg 1536w, https:\/\/www.handwerktechnikdesign.de\/wp-content\/uploads\/2025\/07\/005-Bestand-2048x1536.jpg 2048w\" sizes=\"auto, (max-width: 1024px) 100vw, 1024px\" \/><\/a><figcaption class=\"wp-element-caption\">alt<\/figcaption><\/figure>\n\n\n\n<figure class=\"wp-block-image size-large\"><a href=\"https:\/\/www.handwerktechnikdesign.de\/wp-content\/uploads\/2025\/07\/006-Grundriss-neu.jpg\" target=\"_blank\" rel=\" noreferrer noopener\"><img loading=\"lazy\" decoding=\"async\" width=\"762\" height=\"605\" data-id=\"2406\" src=\"https:\/\/www.handwerktechnikdesign.de\/wp-content\/uploads\/2025\/07\/006-Grundriss-neu.jpg\" alt=\"\" class=\"wp-image-2406\" srcset=\"https:\/\/www.handwerktechnikdesign.de\/wp-content\/uploads\/2025\/07\/006-Grundriss-neu.jpg 762w, https:\/\/www.handwerktechnikdesign.de\/wp-content\/uploads\/2025\/07\/006-Grundriss-neu-300x238.jpg 300w\" sizes=\"auto, (max-width: 762px) 100vw, 762px\" \/><\/a><figcaption class=\"wp-element-caption\">Grundriss neu<\/figcaption><\/figure>\n\n\n\n<figure class=\"wp-block-image size-large\"><a href=\"https:\/\/www.handwerktechnikdesign.de\/wp-content\/uploads\/2025\/07\/007-Abbruch-scaled.jpg\" target=\"_blank\" rel=\" noreferrer noopener\"><img loading=\"lazy\" decoding=\"async\" width=\"1024\" height=\"768\" data-id=\"2414\" src=\"https:\/\/www.handwerktechnikdesign.de\/wp-content\/uploads\/2025\/07\/007-Abbruch-1024x768.jpg\" alt=\"\" class=\"wp-image-2414\" srcset=\"https:\/\/www.handwerktechnikdesign.de\/wp-content\/uploads\/2025\/07\/007-Abbruch-1024x768.jpg 1024w, https:\/\/www.handwerktechnikdesign.de\/wp-content\/uploads\/2025\/07\/007-Abbruch-300x225.jpg 300w, https:\/\/www.handwerktechnikdesign.de\/wp-content\/uploads\/2025\/07\/007-Abbruch-768x576.jpg 768w, https:\/\/www.handwerktechnikdesign.de\/wp-content\/uploads\/2025\/07\/007-Abbruch-1536x1152.jpg 1536w, https:\/\/www.handwerktechnikdesign.de\/wp-content\/uploads\/2025\/07\/007-Abbruch-2048x1536.jpg 2048w\" sizes=\"auto, (max-width: 1024px) 100vw, 1024px\" \/><\/a><\/figure>\n\n\n\n<figure class=\"wp-block-image size-large\"><a href=\"https:\/\/www.handwerktechnikdesign.de\/wp-content\/uploads\/2025\/07\/008-Umbau-scaled.jpg\" target=\"_blank\" rel=\" noreferrer noopener\"><img loading=\"lazy\" decoding=\"async\" width=\"1024\" height=\"768\" data-id=\"2410\" src=\"https:\/\/www.handwerktechnikdesign.de\/wp-content\/uploads\/2025\/07\/008-Umbau-1024x768.jpg\" alt=\"\" class=\"wp-image-2410\" srcset=\"https:\/\/www.handwerktechnikdesign.de\/wp-content\/uploads\/2025\/07\/008-Umbau-1024x768.jpg 1024w, https:\/\/www.handwerktechnikdesign.de\/wp-content\/uploads\/2025\/07\/008-Umbau-300x225.jpg 300w, https:\/\/www.handwerktechnikdesign.de\/wp-content\/uploads\/2025\/07\/008-Umbau-768x576.jpg 768w, https:\/\/www.handwerktechnikdesign.de\/wp-content\/uploads\/2025\/07\/008-Umbau-1536x1152.jpg 1536w, https:\/\/www.handwerktechnikdesign.de\/wp-content\/uploads\/2025\/07\/008-Umbau-2048x1536.jpg 2048w\" sizes=\"auto, (max-width: 1024px) 100vw, 1024px\" \/><\/a><\/figure>\n\n\n\n<figure class=\"wp-block-image size-large\"><a href=\"https:\/\/www.handwerktechnikdesign.de\/wp-content\/uploads\/2025\/07\/009-Umbau-scaled.jpg\" target=\"_blank\" rel=\" noreferrer noopener\"><img loading=\"lazy\" decoding=\"async\" width=\"1024\" height=\"768\" data-id=\"2411\" src=\"https:\/\/www.handwerktechnikdesign.de\/wp-content\/uploads\/2025\/07\/009-Umbau-1024x768.jpg\" alt=\"\" class=\"wp-image-2411\" srcset=\"https:\/\/www.handwerktechnikdesign.de\/wp-content\/uploads\/2025\/07\/009-Umbau-1024x768.jpg 1024w, https:\/\/www.handwerktechnikdesign.de\/wp-content\/uploads\/2025\/07\/009-Umbau-300x225.jpg 300w, https:\/\/www.handwerktechnikdesign.de\/wp-content\/uploads\/2025\/07\/009-Umbau-768x576.jpg 768w, https:\/\/www.handwerktechnikdesign.de\/wp-content\/uploads\/2025\/07\/009-Umbau-1536x1152.jpg 1536w, https:\/\/www.handwerktechnikdesign.de\/wp-content\/uploads\/2025\/07\/009-Umbau-2048x1536.jpg 2048w\" sizes=\"auto, (max-width: 1024px) 100vw, 1024px\" \/><\/a><\/figure>\n\n\n\n<figure class=\"wp-block-image size-large\"><a href=\"https:\/\/www.handwerktechnikdesign.de\/wp-content\/uploads\/2025\/07\/010-Umbau-scaled.jpg\" target=\"_blank\" rel=\" noreferrer noopener\"><img loading=\"lazy\" decoding=\"async\" width=\"1024\" height=\"768\" data-id=\"2407\" src=\"https:\/\/www.handwerktechnikdesign.de\/wp-content\/uploads\/2025\/07\/010-Umbau-1024x768.jpg\" alt=\"\" class=\"wp-image-2407\" srcset=\"https:\/\/www.handwerktechnikdesign.de\/wp-content\/uploads\/2025\/07\/010-Umbau-1024x768.jpg 1024w, https:\/\/www.handwerktechnikdesign.de\/wp-content\/uploads\/2025\/07\/010-Umbau-300x225.jpg 300w, https:\/\/www.handwerktechnikdesign.de\/wp-content\/uploads\/2025\/07\/010-Umbau-768x576.jpg 768w, https:\/\/www.handwerktechnikdesign.de\/wp-content\/uploads\/2025\/07\/010-Umbau-1536x1152.jpg 1536w, https:\/\/www.handwerktechnikdesign.de\/wp-content\/uploads\/2025\/07\/010-Umbau-2048x1536.jpg 2048w\" sizes=\"auto, (max-width: 1024px) 100vw, 1024px\" \/><\/a><\/figure>\n\n\n\n<figure class=\"wp-block-image size-large\"><a href=\"https:\/\/www.handwerktechnikdesign.de\/wp-content\/uploads\/2025\/07\/011-Umbau-scaled.jpg\" target=\"_blank\" rel=\" noreferrer noopener\"><img loading=\"lazy\" decoding=\"async\" width=\"1024\" height=\"768\" data-id=\"2412\" src=\"https:\/\/www.handwerktechnikdesign.de\/wp-content\/uploads\/2025\/07\/011-Umbau-1024x768.jpg\" alt=\"\" class=\"wp-image-2412\" srcset=\"https:\/\/www.handwerktechnikdesign.de\/wp-content\/uploads\/2025\/07\/011-Umbau-1024x768.jpg 1024w, https:\/\/www.handwerktechnikdesign.de\/wp-content\/uploads\/2025\/07\/011-Umbau-300x225.jpg 300w, https:\/\/www.handwerktechnikdesign.de\/wp-content\/uploads\/2025\/07\/011-Umbau-768x576.jpg 768w, https:\/\/www.handwerktechnikdesign.de\/wp-content\/uploads\/2025\/07\/011-Umbau-1536x1152.jpg 1536w, https:\/\/www.handwerktechnikdesign.de\/wp-content\/uploads\/2025\/07\/011-Umbau-2048x1536.jpg 2048w\" sizes=\"auto, (max-width: 1024px) 100vw, 1024px\" \/><\/a><\/figure>\n\n\n\n<figure class=\"wp-block-image size-large\"><a href=\"https:\/\/www.handwerktechnikdesign.de\/wp-content\/uploads\/2025\/07\/012-Neu-scaled.jpg\" target=\"_blank\" rel=\" noreferrer noopener\"><img loading=\"lazy\" decoding=\"async\" width=\"768\" height=\"1024\" data-id=\"2417\" src=\"https:\/\/www.handwerktechnikdesign.de\/wp-content\/uploads\/2025\/07\/012-Neu-768x1024.jpg\" alt=\"\" class=\"wp-image-2417\" srcset=\"https:\/\/www.handwerktechnikdesign.de\/wp-content\/uploads\/2025\/07\/012-Neu-768x1024.jpg 768w, https:\/\/www.handwerktechnikdesign.de\/wp-content\/uploads\/2025\/07\/012-Neu-225x300.jpg 225w, https:\/\/www.handwerktechnikdesign.de\/wp-content\/uploads\/2025\/07\/012-Neu-1152x1536.jpg 1152w, https:\/\/www.handwerktechnikdesign.de\/wp-content\/uploads\/2025\/07\/012-Neu-1536x2048.jpg 1536w, https:\/\/www.handwerktechnikdesign.de\/wp-content\/uploads\/2025\/07\/012-Neu-scaled.jpg 1920w\" sizes=\"auto, (max-width: 768px) 100vw, 768px\" \/><\/a><\/figure>\n\n\n\n<figure class=\"wp-block-image size-large\"><img loading=\"lazy\" decoding=\"async\" width=\"768\" height=\"1024\" data-id=\"2416\" src=\"https:\/\/www.handwerktechnikdesign.de\/wp-content\/uploads\/2025\/07\/013-Neu-768x1024.jpg\" alt=\"\" class=\"wp-image-2416\" srcset=\"https:\/\/www.handwerktechnikdesign.de\/wp-content\/uploads\/2025\/07\/013-Neu-768x1024.jpg 768w, https:\/\/www.handwerktechnikdesign.de\/wp-content\/uploads\/2025\/07\/013-Neu-225x300.jpg 225w, https:\/\/www.handwerktechnikdesign.de\/wp-content\/uploads\/2025\/07\/013-Neu-1152x1536.jpg 1152w, https:\/\/www.handwerktechnikdesign.de\/wp-content\/uploads\/2025\/07\/013-Neu-1536x2048.jpg 1536w, https:\/\/www.handwerktechnikdesign.de\/wp-content\/uploads\/2025\/07\/013-Neu-scaled.jpg 1920w\" sizes=\"auto, (max-width: 768px) 100vw, 768px\" \/><\/figure>\n\n\n\n<figure class=\"wp-block-image size-large\"><a href=\"https:\/\/www.handwerktechnikdesign.de\/wp-content\/uploads\/2025\/07\/014-Neu-scaled.jpg\" target=\"_blank\" rel=\" noreferrer noopener\"><img loading=\"lazy\" decoding=\"async\" width=\"768\" height=\"1024\" data-id=\"2418\" src=\"https:\/\/www.handwerktechnikdesign.de\/wp-content\/uploads\/2025\/07\/014-Neu-768x1024.jpg\" alt=\"\" class=\"wp-image-2418\" srcset=\"https:\/\/www.handwerktechnikdesign.de\/wp-content\/uploads\/2025\/07\/014-Neu-768x1024.jpg 768w, https:\/\/www.handwerktechnikdesign.de\/wp-content\/uploads\/2025\/07\/014-Neu-225x300.jpg 225w, https:\/\/www.handwerktechnikdesign.de\/wp-content\/uploads\/2025\/07\/014-Neu-1152x1536.jpg 1152w, https:\/\/www.handwerktechnikdesign.de\/wp-content\/uploads\/2025\/07\/014-Neu-1536x2048.jpg 1536w, https:\/\/www.handwerktechnikdesign.de\/wp-content\/uploads\/2025\/07\/014-Neu-scaled.jpg 1920w\" sizes=\"auto, (max-width: 768px) 100vw, 768px\" \/><\/a><\/figure>\n<\/figure>\n","protected":false},"excerpt":{"rendered":"<p>Manchmal muss man auf etwas verzichten, damit ein kleines Bad gr\u00f6\u00dfer wird. Hier wurde die Badewanne entfernt und die Sanit\u00e4robjekte wurden neu angeordnet. Ein Doppelwaschtisch und eine bodenb\u00fcndige Dusche sollten auf jeden Fall mit eingeplant werden. Der gesamte Estrich und die Fu\u00dfbodenheizung wurden erneuert.<br \/>\nJetzt gibt es eine sehr gro\u00dfz\u00fcgige Dusche mit deckenb\u00fcndig eingebauter Rainshower und einen Waschtisch mit ausreichend Stauraum. Alles wirkt aufger\u00e4umter und ruhiger und es ist sogar noch ein Platz f\u00fcr die Waschmaschine entstanden.<br \/>\nDas neue Lichtkonzept mit direktem und indirektem Licht unterstreicht das Ganze. Die farbigen Akzente kommen dann noch durch die Handt\u00fccher und Bilder.<br \/>\nAuch auf 6,5m\u00b2 kann man eine gro\u00dfz\u00fcgige Wellnessoase schaffen.<br \/>\n#baddesign #wellness #innenarchitektur #Innenausbau #handwerktechnikdesign #umbau #bad #hamburg #feinsteinzeug #lichtdesign #dusche<\/p>\n","protected":false},"author":2,"featured_media":0,"comment_status":"closed","ping_status":"open","sticky":false,"template":"","format":"standard","meta":{"footnotes":""},"categories":[64,26,58],"tags":[],"class_list":["post-2404","post","type-post","status-publish","format-standard","hentry","category-baddesign","category-handwerktechnikdesign","category-wohndesign"],"_links":{"self":[{"href":"https:\/\/www.handwerktechnikdesign.de\/index.php?rest_route=\/wp\/v2\/posts\/2404","targetHints":{"allow":["GET"]}}],"collection":[{"href":"https:\/\/www.handwerktechnikdesign.de\/index.php?rest_route=\/wp\/v2\/posts"}],"about":[{"href":"https:\/\/www.handwerktechnikdesign.de\/index.php?rest_route=\/wp\/v2\/types\/post"}],"author":[{"embeddable":true,"href":"https:\/\/www.handwerktechnikdesign.de\/index.php?rest_route=\/wp\/v2\/users\/2"}],"replies":[{"embeddable":true,"href":"https:\/\/www.handwerktechnikdesign.de\/index.php?rest_route=%2Fwp%2Fv2%2Fcomments&post=2404"}],"version-history":[{"count":6,"href":"https:\/\/www.handwerktechnikdesign.de\/index.php?rest_route=\/wp\/v2\/posts\/2404\/revisions"}],"predecessor-version":[{"id":2424,"href":"https:\/\/www.handwerktechnikdesign.de\/index.php?rest_route=\/wp\/v2\/posts\/2404\/revisions\/2424"}],"wp:attachment":[{"href":"https:\/\/www.handwerktechnikdesign.de\/index.php?rest_route=%2Fwp%2Fv2%2Fmedia&parent=2404"}],"wp:term":[{"taxonomy":"category","embeddable":true,"href":"https:\/\/www.handwerktechnikdesign.de\/index.php?rest_route=%2Fwp%2Fv2%2Fcategories&post=2404"},{"taxonomy":"post_tag","embeddable":true,"href":"https:\/\/www.handwerktechnikdesign.de\/index.php?rest_route=%2Fwp%2Fv2%2Ftags&post=2404"}],"curies":[{"name":"wp","href":"https:\/\/api.w.org\/{rel}","templated":true}]}}