{"id":776,"date":"2011-01-20T18:59:37","date_gmt":"2011-01-20T17:59:37","guid":{"rendered":"http:\/\/www.handwerktechnikdesign.de\/?p=776"},"modified":"2013-06-12T17:57:48","modified_gmt":"2013-06-12T16:57:48","slug":"umbau-elbschloss-residenz-teil-2","status":"publish","type":"post","link":"https:\/\/www.handwerktechnikdesign.de\/?p=776","title":{"rendered":"Umbau Elbschloss Residenz Teil 2"},"content":{"rendered":"<p style=\"text-align: justify;\">Nachdem wir in der <a href=\"http:\/\/www.elbschloss-residenz.de\/\" target=\"_blank\"><span style=\"color: #008080;\">Elbschloss Residenz <\/span><\/a>Klein Flottbeck die aufwendigsten Umbauarbeiten erfolgreich\u00a0abgschlossen haben, wurde unser B\u00fcro auch f\u00fcr die Umbauarbeiten an der Elbchaussee gebucht. Hier wird das Haus 1, mit einer Bruttogrundfl\u00e4che von ca. 2.900m\u00b2,\u00a0fast vollst\u00e4ndig entkernt und zu 25 Appartements f\u00fcr betreutes Wohnen der\u00a0Premiumklasse\u00a0umgestaltet. Der Umbau erfolgt nach der Planung des B\u00fcros Feddersen Architekten und wird voraussichtlich bis September 2011 dauern.<\/p>\n<p style=\"text-align: justify;\">Ein Projekt, das alle Beteiligten fordert!<\/p>\n","protected":false},"excerpt":{"rendered":"<p>Nachdem wir in der Elbschloss Residenz Klein Flottbeck die aufwendigsten Umbauarbeiten erfolgreich\u00a0abgschlossen haben, wurde unser B\u00fcro auch f\u00fcr die Umbauarbeiten an der Elbchaussee gebucht. Hier wird das Haus 1, mit einer Bruttogrundfl\u00e4che von ca. 2.900m\u00b2,\u00a0fast vollst\u00e4ndig entkernt und zu 25 Appartements f\u00fcr betreutes Wohnen der\u00a0Premiumklasse\u00a0umgestaltet. Der Umbau erfolgt nach der Planung des B\u00fcros Feddersen Architekten [&#038;hellip<\/p>\n","protected":false},"author":2,"featured_media":0,"comment_status":"open","ping_status":"open","sticky":false,"template":"","format":"standard","meta":{"footnotes":""},"categories":[44],"tags":[52,25,7,23],"class_list":["post-776","post","type-post","status-publish","format-standard","hentry","category-seniorenresidenz","tag-barrierefrei","tag-bauleitung","tag-projekt","tag-umbau"],"_links":{"self":[{"href":"https:\/\/www.handwerktechnikdesign.de\/index.php?rest_route=\/wp\/v2\/posts\/776","targetHints":{"allow":["GET"]}}],"collection":[{"href":"https:\/\/www.handwerktechnikdesign.de\/index.php?rest_route=\/wp\/v2\/posts"}],"about":[{"href":"https:\/\/www.handwerktechnikdesign.de\/index.php?rest_route=\/wp\/v2\/types\/post"}],"author":[{"embeddable":true,"href":"https:\/\/www.handwerktechnikdesign.de\/index.php?rest_route=\/wp\/v2\/users\/2"}],"replies":[{"embeddable":true,"href":"https:\/\/www.handwerktechnikdesign.de\/index.php?rest_route=%2Fwp%2Fv2%2Fcomments&post=776"}],"version-history":[{"count":9,"href":"https:\/\/www.handwerktechnikdesign.de\/index.php?rest_route=\/wp\/v2\/posts\/776\/revisions"}],"predecessor-version":[{"id":802,"href":"https:\/\/www.handwerktechnikdesign.de\/index.php?rest_route=\/wp\/v2\/posts\/776\/revisions\/802"}],"wp:attachment":[{"href":"https:\/\/www.handwerktechnikdesign.de\/index.php?rest_route=%2Fwp%2Fv2%2Fmedia&parent=776"}],"wp:term":[{"taxonomy":"category","embeddable":true,"href":"https:\/\/www.handwerktechnikdesign.de\/index.php?rest_route=%2Fwp%2Fv2%2Fcategories&post=776"},{"taxonomy":"post_tag","embeddable":true,"href":"https:\/\/www.handwerktechnikdesign.de\/index.php?rest_route=%2Fwp%2Fv2%2Ftags&post=776"}],"curies":[{"name":"wp","href":"https:\/\/api.w.org\/{rel}","templated":true}]}}